{"id":362,"date":"2018-12-17T11:42:18","date_gmt":"2018-12-17T11:42:18","guid":{"rendered":"http:\/\/vennin.victoireetvalentine.com\/?p=362"},"modified":"2018-12-17T11:42:18","modified_gmt":"2018-12-17T11:42:18","slug":"relais-colis","status":"publish","type":"post","link":"https:\/\/vennin.com\/?p=362","title":{"rendered":"RELAIS COLIS"},"content":{"rendered":"[mk_page_section vertical_align=\u00a0\u00bbcenter\u00a0\u00bb bg_color=\u00a0\u00bb#dddddd\u00a0\u00bb bg_stretch=\u00a0\u00bbtrue\u00a0\u00bb top_shadow=\u00a0\u00bbtrue\u00a0\u00bb js_vertical_centered=\u00a0\u00bbtrue\u00a0\u00bb sidebar=\u00a0\u00bbsidebar-1&Prime;][vc_column width=\u00a0\u00bb1\/2&Prime;][vc_single_image image=\u00a0\u00bb229&Prime; img_size=\u00a0\u00bbfull\u00a0\u00bb alignment=\u00a0\u00bbright\u00a0\u00bb][\/vc_column][vc_column width=\u00a0\u00bb1\/2&Prime;][vc_column_text css=\u00a0\u00bb.vc_custom_1545046816623{margin-bottom: 0px !important;}\u00a0\u00bb]\n<h1>RELAIS COLIS<\/h1>\n[\/vc_column_text][vc_column_text css=\u00a0\u00bb.vc_custom_1545046825154{margin-bottom: 0px !important;}\u00a0\u00bb]\n<p style=\"text-align: left;\"><em>Direction immobili\u00e8re externalis\u00e9e 2013 &#8211; 2014\u00a0<\/em><br \/>\n<em>(En partenariat avec AOS STUDLEY en 2011 et 2012) <\/em><br \/>\n\u2022 Direction immobili\u00e8re externalis\u00e9e de RELAIS COLIS, filiale logistique de LA REDOUTE.<br \/>\n\u2022 Nouveau si\u00e8ge social \u00e0 Cr\u00e9teil (s\u00e9lection, n\u00e9gociation).<br \/>\n\u2022 Ren\u00e9gociations des baux sur plus de 35.000m\u00b2 de locaux d\u2019exploitation.<\/p>\n[\/vc_column_text][\/vc_column][\/mk_page_section]\n","protected":false},"excerpt":{"rendered":"<p>[mk_page_section vertical_align=\u00a0\u00bbcenter\u00a0\u00bb bg_color=\u00a0\u00bb#dddddd\u00a0\u00bb bg_stretch=\u00a0\u00bbtrue\u00a0\u00bb top_shadow=\u00a0\u00bbtrue\u00a0\u00bb js_vertical_centered=\u00a0\u00bbtrue\u00a0\u00bb sidebar=\u00a0\u00bbsidebar-1&Prime;][vc_column width=\u00a0\u00bb1\/2&Prime;][vc_single_image image=\u00a0\u00bb229&Prime; img_size=\u00a0\u00bbfull\u00a0\u00bb alignment=\u00a0\u00bbright\u00a0\u00bb][\/vc_column][vc_column width=\u00a0\u00bb1\/2&Prime;][vc_column_text css=\u00a0\u00bb.vc_custom_1545046816623{margin-bottom: 0px !important;}\u00a0\u00bb] RELAIS COLIS [\/vc_column_text][vc_column_text css=\u00a0\u00bb.vc_custom_1545046825154{margin-bottom: 0px !important;}\u00a0\u00bb] Direction immobili\u00e8re externalis\u00e9e 2013 &#8211; 2014\u00a0 (En partenariat avec AOS STUDLEY en 2011 et 2012) \u2022 Direction immobili\u00e8re externalis\u00e9e de RELAIS COLIS, filiale logistique de LA REDOUTE. \u2022 Nouveau si\u00e8ge social \u00e0 Cr\u00e9teil (s\u00e9lection, [&hellip;]<\/p>\n","protected":false},"author":1,"featured_media":229,"comment_status":"open","ping_status":"open","sticky":false,"template":"","format":"standard","meta":[],"categories":[3],"tags":[],"_links":{"self":[{"href":"https:\/\/vennin.com\/index.php?rest_route=\/wp\/v2\/posts\/362"}],"collection":[{"href":"https:\/\/vennin.com\/index.php?rest_route=\/wp\/v2\/posts"}],"about":[{"href":"https:\/\/vennin.com\/index.php?rest_route=\/wp\/v2\/types\/post"}],"author":[{"embeddable":true,"href":"https:\/\/vennin.com\/index.php?rest_route=\/wp\/v2\/users\/1"}],"replies":[{"embeddable":true,"href":"https:\/\/vennin.com\/index.php?rest_route=%2Fwp%2Fv2%2Fcomments&post=362"}],"version-history":[{"count":0,"href":"https:\/\/vennin.com\/index.php?rest_route=\/wp\/v2\/posts\/362\/revisions"}],"wp:featuredmedia":[{"embeddable":true,"href":"https:\/\/vennin.com\/index.php?rest_route=\/wp\/v2\/media\/229"}],"wp:attachment":[{"href":"https:\/\/vennin.com\/index.php?rest_route=%2Fwp%2Fv2%2Fmedia&parent=362"}],"wp:term":[{"taxonomy":"category","embeddable":true,"href":"https:\/\/vennin.com\/index.php?rest_route=%2Fwp%2Fv2%2Fcategories&post=362"},{"taxonomy":"post_tag","embeddable":true,"href":"https:\/\/vennin.com\/index.php?rest_route=%2Fwp%2Fv2%2Ftags&post=362"}],"curies":[{"name":"wp","href":"https:\/\/api.w.org\/{rel}","templated":true}]}}